{"id":348,"date":"2025-02-27T20:02:26","date_gmt":"2025-02-27T19:02:26","guid":{"rendered":"http:\/\/samanthaestilistas.es\/es\/?p=348"},"modified":"2025-02-27T20:02:26","modified_gmt":"2025-02-27T19:02:26","slug":"preguntas-frecuentes-sobre-la-compra-de-vilitra-en-linea-en-farmacia-gil-vela","status":"publish","type":"post","link":"https:\/\/samanthaestilistas.es\/ca\/preguntas-frecuentes-sobre-la-compra-de-vilitra-en-linea-en-farmacia-gil-vela\/","title":{"rendered":"Preguntas frecuentes sobre la compra de Vilitra en l\u00ednea en Farmacia Gil Vela"},"content":{"rendered":"<h2>Preguntas frecuentes sobre la compra de Vilitra en l\u00ednea en Farmacia Gil Vela<\/h2>\n<p>Para aquellos interesados en adquirir Vilitra, un tratamiento eficaz para la disfunci\u00f3n er\u00e9ctil, es fundamental conocer los aspectos esenciales de su compra en l\u00ednea. Una opci\u00f3n confiable es hacerlo a trav\u00e9s del sitio&nbsp;Vilitra en Farmacia Gil Vela&nbsp;<a href=\"https:\/\/farmaciagilvela.com\/producto\/vilitra\">https:\/\/farmaciagilvela.com\/producto\/vilitra<\/a>, donde se ofrece informaci\u00f3n detallada sobre este medicamento.<\/p>\n<h2>\u00bfQu\u00e9 es Vilitra?<\/h2>\n<p>Vilitra es un medicamento utilizado para tratar la disfunci\u00f3n er\u00e9ctil en hombres. Su ingrediente activo, Vardenafilo, ayuda a aumentar el flujo de sangre al pene, facilitando una erecci\u00f3n en respuesta a la estimulaci\u00f3n sexual.<\/p>\n<h2>\u00bfC\u00f3mo funciona Vilitra?<\/h2>\n<p>Vilitra act\u00faa bloqueando una enzima llamada fosfodiesterasa tipo 5. Esto permite que una sustancia qu\u00edmica, el GMP c\u00edclico, aumente en el pene, promoviendo un mayor flujo sangu\u00edneo y ayudando a lograr y mantener una erecci\u00f3n.<\/p>\n<h2>\u00bfD\u00f3nde puedo comprar Vilitra en l\u00ednea?<\/h2>\n<p>Existen diversas plataformas para adquirir Vilitra, pero es esencial elegir una farmacia en l\u00ednea confiable. Farmacia Gil Vela proporciona acceso seguro y legal al medicamento a trav\u00e9s de su p\u00e1gina web, asegurando la autenticidad del producto.<\/p>\n<h2>\u00bfEs seguro comprar Vilitra en l\u00ednea?<\/h2>\n<ul>\n<li>Verifica que la farmacia en l\u00ednea est\u00e9 registrada y autorizada.<\/li>\n<li>Aseg\u00farate de que requiera receta m\u00e9dica para la compra.<\/li>\n<li>Confirma la protecci\u00f3n de tus datos personales mediante protocolos de seguridad digitales.<\/li>\n<\/ul>\n<h2>\u00bfCu\u00e1les son los efectos secundarios de Vilitra?<\/h2>\n<p>Algunos efectos secundarios comunes pueden incluir dolor de cabeza, enrojecimiento facial, congesti\u00f3n nasal, mareos y trastornos digestivos. Si experimenta efectos secundarios severos o reacciones al\u00e9rgicas, debe consultar con un profesional de salud de inmediato.<\/p>\n<p><img decoding=\"async\" style=\"height: auto; float: right; margin:11px\" src=\"https:\/\/imagizer.imageshack.com\/img924\/8131\/fzlVrM.jpg\" alt=\"Comparativa de precios de Vilitra en Farmacia Gil Vela y otras farmacias en l\u00ednea\" width=\"100%\" height=\"auto\"><\/p>\n<h2>\u00bfC\u00f3mo debo tomar Vilitra?<\/h2>\n<p>Vilitra se toma por v\u00eda oral con agua, generalmente una vez al d\u00eda, seg\u00fan las indicaciones de un m\u00e9dico. No debe combinarse con alcohol o comidas pesadas para asegurar su eficacia.<\/p>\n<h2>\u00bfQui\u00e9n no debe tomar Vilitra?<\/h2>\n<p>Vilitra no es adecuado para hombres que toman nitratos para el dolor de pecho, tienen problemas card\u00edacos severos o han sufrido un derrame cerebral reciente. Siempre consulte a un especialista antes de comenzar cualquier tratamiento nuevo.<\/p>\n<h2>Gu\u00eda de Compra en Farmacia Gil Vela<\/h2>\n<p>Comprar Vilitra en Farmacia Gil Vela es sencillo y seguro. Aqu\u00ed te ofrecemos un breve resumen del proceso:<\/p>\n<ul>\n<li>Visita la p\u00e1gina de producto especificada anteriormente.<\/li>\n<li>A\u00f1ade el producto al carrito de compra.<\/li>\n<li>Procede al pago, asegurando la protecci\u00f3n de tus datos personales.<\/li>\n<\/ul>\n<h2>Adicionales Preguntas Frecuentes (FAQ)<\/h2>\n<ul>\n<li>\u00bfVilitra requiere receta m\u00e9dica? S\u00ed, es necesario contar con una prescripci\u00f3n m\u00e9dica para adquirir Vilitra de manera legal.<\/li>\n<li>\u00bfCu\u00e1nto tiempo dura el efecto de Vilitra? El efecto puede durar hasta 5 horas, pero var\u00eda seg\u00fan el individuo.<\/li>\n<li>\u00bfVilitra es seguro para uso continuo? Solo un m\u00e9dico puede recomendar la frecuencia adecuada bas\u00e1ndose en la condici\u00f3n del paciente.<\/li>\n<li>\u00bfPuedo tomar Vilitra con otros medicamentos? Informe siempre a su m\u00e9dico sobre los medicamentos que est\u00e1 tomando para evitar interacciones.<\/li>\n<li>\u00bfQu\u00e9 hago si olvido tomar una dosis? Vilitra se toma seg\u00fan sea necesario. No exceda la dosis recomendada por su m\u00e9dico.<\/li>\n<li>\u00bfHay alternativas a Vilitra? S\u00ed, hay otras opciones disponibles, como el Cialis o el Viagra, pero solo un m\u00e9dico puede aconsejar la mejor opci\u00f3n seg\u00fan sus necesidades.<\/li>\n<li>\u00bfC\u00f3mo almaceno Vilitra correctamente? Mantenga Vilitra en un lugar fresco y seco, lejos del alcance de los ni\u00f1os.<\/li>\n<\/ul>","protected":false},"excerpt":{"rendered":"<p>Preguntas frecuentes sobre la compra de Vilitra en l\u00ednea en Farmacia Gil Vela Para aquellos interesados en adquirir Vilitra, un tratamiento eficaz para la disfunci\u00f3n er\u00e9ctil, es fundamental conocer los aspectos esenciales de su compra en l\u00ednea. Una opci\u00f3n confiable es hacerlo a trav\u00e9s del sitio&nbsp;Vilitra en Farmacia Gil Vela&nbsp;https:\/\/farmaciagilvela.com\/producto\/vilitra, donde se ofrece informaci\u00f3n detallada&hellip;<\/p>","protected":false},"author":4,"featured_media":0,"comment_status":"closed","ping_status":"open","sticky":false,"template":"","format":"standard","meta":{"footnotes":""},"categories":[1],"tags":[],"class_list":["post-348","post","type-post","status-publish","format-standard","hentry","category-sin-categoria","category-1","description-off"],"yoast_head":"<!-- This site is optimized with the Yoast SEO plugin v27.5 - https:\/\/yoast.com\/product\/yoast-seo-wordpress\/ -->\n<title>Preguntas frecuentes sobre la compra de Vilitra en l\u00ednea en Farmacia Gil Vela - Samantha - Perruquers &amp; Barbers<\/title>\n<meta name=\"robots\" content=\"index, follow, max-snippet:-1, max-image-preview:large, max-video-preview:-1\" \/>\n<link rel=\"canonical\" href=\"http:\/\/samanthaestilistas.es\/ca\/preguntas-frecuentes-sobre-la-compra-de-vilitra-en-linea-en-farmacia-gil-vela\/\" \/>\n<meta property=\"og:locale\" content=\"ca_ES\" \/>\n<meta property=\"og:type\" content=\"article\" \/>\n<meta property=\"og:title\" content=\"Preguntas frecuentes sobre la compra de Vilitra en l\u00ednea en Farmacia Gil Vela - Samantha - Perruquers &amp; Barbers\" \/>\n<meta property=\"og:description\" content=\"Preguntas frecuentes sobre la compra de Vilitra en l\u00ednea en Farmacia Gil Vela Para aquellos interesados en adquirir Vilitra, un tratamiento eficaz para la disfunci\u00f3n er\u00e9ctil, es fundamental conocer los aspectos esenciales de su compra en l\u00ednea. Una opci\u00f3n confiable es hacerlo a trav\u00e9s del sitio&nbsp;Vilitra en Farmacia Gil Vela&nbsp;https:\/\/farmaciagilvela.com\/producto\/vilitra, donde se ofrece informaci\u00f3n detallada&hellip;\" \/>\n<meta property=\"og:url\" content=\"http:\/\/samanthaestilistas.es\/ca\/preguntas-frecuentes-sobre-la-compra-de-vilitra-en-linea-en-farmacia-gil-vela\/\" \/>\n<meta property=\"og:site_name\" content=\"Samantha - Perruquers &amp; Barbers\" \/>\n<meta property=\"article:published_time\" content=\"2025-02-27T19:02:26+00:00\" \/>\n<meta property=\"og:image\" content=\"https:\/\/imagizer.imageshack.com\/img924\/8131\/fzlVrM.jpg\" \/>\n<meta name=\"author\" content=\"Imagenativo Imagenativo\" \/>\n<meta name=\"twitter:card\" content=\"summary_large_image\" \/>\n<meta name=\"twitter:label1\" content=\"Escrit per\" \/>\n\t<meta name=\"twitter:data1\" content=\"Imagenativo Imagenativo\" \/>\n\t<meta name=\"twitter:label2\" content=\"Temps estimat de lectura\" \/>\n\t<meta name=\"twitter:data2\" content=\"3 minuts\" \/>\n<script type=\"application\/ld+json\" class=\"yoast-schema-graph\">{\"@context\":\"https:\\\/\\\/schema.org\",\"@graph\":[{\"@type\":\"Article\",\"@id\":\"http:\\\/\\\/samanthaestilistas.es\\\/es\\\/preguntas-frecuentes-sobre-la-compra-de-vilitra-en-linea-en-farmacia-gil-vela\\\/#article\",\"isPartOf\":{\"@id\":\"http:\\\/\\\/samanthaestilistas.es\\\/es\\\/preguntas-frecuentes-sobre-la-compra-de-vilitra-en-linea-en-farmacia-gil-vela\\\/\"},\"author\":{\"name\":\"Imagenativo Imagenativo\",\"@id\":\"https:\\\/\\\/samanthaestilistas.es\\\/es\\\/#\\\/schema\\\/person\\\/0a6a636c7e1cc6dcc5960334831478a1\"},\"headline\":\"Preguntas frecuentes sobre la compra de Vilitra en l\u00ednea en Farmacia Gil Vela\",\"datePublished\":\"2025-02-27T19:02:26+00:00\",\"mainEntityOfPage\":{\"@id\":\"http:\\\/\\\/samanthaestilistas.es\\\/es\\\/preguntas-frecuentes-sobre-la-compra-de-vilitra-en-linea-en-farmacia-gil-vela\\\/\"},\"wordCount\":603,\"publisher\":{\"@id\":\"https:\\\/\\\/samanthaestilistas.es\\\/es\\\/#organization\"},\"image\":{\"@id\":\"http:\\\/\\\/samanthaestilistas.es\\\/es\\\/preguntas-frecuentes-sobre-la-compra-de-vilitra-en-linea-en-farmacia-gil-vela\\\/#primaryimage\"},\"thumbnailUrl\":\"https:\\\/\\\/imagizer.imageshack.com\\\/img924\\\/8131\\\/fzlVrM.jpg\",\"articleSection\":[\"Sin categor\u00eda\"],\"inLanguage\":\"ca\"},{\"@type\":\"WebPage\",\"@id\":\"http:\\\/\\\/samanthaestilistas.es\\\/es\\\/preguntas-frecuentes-sobre-la-compra-de-vilitra-en-linea-en-farmacia-gil-vela\\\/\",\"url\":\"http:\\\/\\\/samanthaestilistas.es\\\/es\\\/preguntas-frecuentes-sobre-la-compra-de-vilitra-en-linea-en-farmacia-gil-vela\\\/\",\"name\":\"Preguntas frecuentes sobre la compra de Vilitra en l\u00ednea en Farmacia Gil Vela - Samantha - Perruquers &amp; Barbers\",\"isPartOf\":{\"@id\":\"https:\\\/\\\/samanthaestilistas.es\\\/es\\\/#website\"},\"primaryImageOfPage\":{\"@id\":\"http:\\\/\\\/samanthaestilistas.es\\\/es\\\/preguntas-frecuentes-sobre-la-compra-de-vilitra-en-linea-en-farmacia-gil-vela\\\/#primaryimage\"},\"image\":{\"@id\":\"http:\\\/\\\/samanthaestilistas.es\\\/es\\\/preguntas-frecuentes-sobre-la-compra-de-vilitra-en-linea-en-farmacia-gil-vela\\\/#primaryimage\"},\"thumbnailUrl\":\"https:\\\/\\\/imagizer.imageshack.com\\\/img924\\\/8131\\\/fzlVrM.jpg\",\"datePublished\":\"2025-02-27T19:02:26+00:00\",\"breadcrumb\":{\"@id\":\"http:\\\/\\\/samanthaestilistas.es\\\/es\\\/preguntas-frecuentes-sobre-la-compra-de-vilitra-en-linea-en-farmacia-gil-vela\\\/#breadcrumb\"},\"inLanguage\":\"ca\",\"potentialAction\":[{\"@type\":\"ReadAction\",\"target\":[\"http:\\\/\\\/samanthaestilistas.es\\\/es\\\/preguntas-frecuentes-sobre-la-compra-de-vilitra-en-linea-en-farmacia-gil-vela\\\/\"]}]},{\"@type\":\"ImageObject\",\"inLanguage\":\"ca\",\"@id\":\"http:\\\/\\\/samanthaestilistas.es\\\/es\\\/preguntas-frecuentes-sobre-la-compra-de-vilitra-en-linea-en-farmacia-gil-vela\\\/#primaryimage\",\"url\":\"https:\\\/\\\/imagizer.imageshack.com\\\/img924\\\/8131\\\/fzlVrM.jpg\",\"contentUrl\":\"https:\\\/\\\/imagizer.imageshack.com\\\/img924\\\/8131\\\/fzlVrM.jpg\"},{\"@type\":\"BreadcrumbList\",\"@id\":\"http:\\\/\\\/samanthaestilistas.es\\\/es\\\/preguntas-frecuentes-sobre-la-compra-de-vilitra-en-linea-en-farmacia-gil-vela\\\/#breadcrumb\",\"itemListElement\":[{\"@type\":\"ListItem\",\"position\":1,\"name\":\"Portada\",\"item\":\"https:\\\/\\\/samanthaestilistas.es\\\/\"},{\"@type\":\"ListItem\",\"position\":2,\"name\":\"Preguntas frecuentes sobre la compra de Vilitra en l\u00ednea en Farmacia Gil Vela\"}]},{\"@type\":\"WebSite\",\"@id\":\"https:\\\/\\\/samanthaestilistas.es\\\/es\\\/#website\",\"url\":\"https:\\\/\\\/samanthaestilistas.es\\\/es\\\/\",\"name\":\"Samantha - Perruquers &amp; Barbers\",\"description\":\"Peluquer\u00eda y Barber Shop de Sabadell\",\"publisher\":{\"@id\":\"https:\\\/\\\/samanthaestilistas.es\\\/es\\\/#organization\"},\"potentialAction\":[{\"@type\":\"SearchAction\",\"target\":{\"@type\":\"EntryPoint\",\"urlTemplate\":\"https:\\\/\\\/samanthaestilistas.es\\\/es\\\/?s={search_term_string}\"},\"query-input\":{\"@type\":\"PropertyValueSpecification\",\"valueRequired\":true,\"valueName\":\"search_term_string\"}}],\"inLanguage\":\"ca\"},{\"@type\":\"Organization\",\"@id\":\"https:\\\/\\\/samanthaestilistas.es\\\/es\\\/#organization\",\"name\":\"Samantha - Perruquers & Barbers\",\"url\":\"https:\\\/\\\/samanthaestilistas.es\\\/es\\\/\",\"logo\":{\"@type\":\"ImageObject\",\"inLanguage\":\"ca\",\"@id\":\"https:\\\/\\\/samanthaestilistas.es\\\/es\\\/#\\\/schema\\\/logo\\\/image\\\/\",\"url\":\"https:\\\/\\\/samanthaestilistas.es\\\/wp-content\\\/uploads\\\/2021\\\/09\\\/WhatsApp-Image-2020-03-08-at-20.51.37.jpeg\",\"contentUrl\":\"https:\\\/\\\/samanthaestilistas.es\\\/wp-content\\\/uploads\\\/2021\\\/09\\\/WhatsApp-Image-2020-03-08-at-20.51.37.jpeg\",\"width\":1000,\"height\":1000,\"caption\":\"Samantha - Perruquers & Barbers\"},\"image\":{\"@id\":\"https:\\\/\\\/samanthaestilistas.es\\\/es\\\/#\\\/schema\\\/logo\\\/image\\\/\"}},{\"@type\":\"Person\",\"@id\":\"https:\\\/\\\/samanthaestilistas.es\\\/es\\\/#\\\/schema\\\/person\\\/0a6a636c7e1cc6dcc5960334831478a1\",\"name\":\"Imagenativo Imagenativo\",\"sameAs\":[\"https:\\\/\\\/imagenativo.es\"],\"url\":\"https:\\\/\\\/samanthaestilistas.es\\\/ca\\\/author\\\/imagenativo\\\/\"}]}<\/script>\n<!-- \/ Yoast SEO plugin. -->","yoast_head_json":{"title":"Preguntas frecuentes sobre la compra de Vilitra en l\u00ednea en Farmacia Gil Vela - Samantha - Perruquers &amp; Barbers","robots":{"index":"index","follow":"follow","max-snippet":"max-snippet:-1","max-image-preview":"max-image-preview:large","max-video-preview":"max-video-preview:-1"},"canonical":"http:\/\/samanthaestilistas.es\/ca\/preguntas-frecuentes-sobre-la-compra-de-vilitra-en-linea-en-farmacia-gil-vela\/","og_locale":"ca_ES","og_type":"article","og_title":"Preguntas frecuentes sobre la compra de Vilitra en l\u00ednea en Farmacia Gil Vela - Samantha - Perruquers &amp; Barbers","og_description":"Preguntas frecuentes sobre la compra de Vilitra en l\u00ednea en Farmacia Gil Vela Para aquellos interesados en adquirir Vilitra, un tratamiento eficaz para la disfunci\u00f3n er\u00e9ctil, es fundamental conocer los aspectos esenciales de su compra en l\u00ednea. Una opci\u00f3n confiable es hacerlo a trav\u00e9s del sitio&nbsp;Vilitra en Farmacia Gil Vela&nbsp;https:\/\/farmaciagilvela.com\/producto\/vilitra, donde se ofrece informaci\u00f3n detallada&hellip;","og_url":"http:\/\/samanthaestilistas.es\/ca\/preguntas-frecuentes-sobre-la-compra-de-vilitra-en-linea-en-farmacia-gil-vela\/","og_site_name":"Samantha - Perruquers &amp; Barbers","article_published_time":"2025-02-27T19:02:26+00:00","og_image":[{"url":"https:\/\/imagizer.imageshack.com\/img924\/8131\/fzlVrM.jpg","type":"","width":"","height":""}],"author":"Imagenativo Imagenativo","twitter_card":"summary_large_image","twitter_misc":{"Escrit per":"Imagenativo Imagenativo","Temps estimat de lectura":"3 minuts"},"schema":{"@context":"https:\/\/schema.org","@graph":[{"@type":"Article","@id":"http:\/\/samanthaestilistas.es\/es\/preguntas-frecuentes-sobre-la-compra-de-vilitra-en-linea-en-farmacia-gil-vela\/#article","isPartOf":{"@id":"http:\/\/samanthaestilistas.es\/es\/preguntas-frecuentes-sobre-la-compra-de-vilitra-en-linea-en-farmacia-gil-vela\/"},"author":{"name":"Imagenativo Imagenativo","@id":"https:\/\/samanthaestilistas.es\/es\/#\/schema\/person\/0a6a636c7e1cc6dcc5960334831478a1"},"headline":"Preguntas frecuentes sobre la compra de Vilitra en l\u00ednea en Farmacia Gil Vela","datePublished":"2025-02-27T19:02:26+00:00","mainEntityOfPage":{"@id":"http:\/\/samanthaestilistas.es\/es\/preguntas-frecuentes-sobre-la-compra-de-vilitra-en-linea-en-farmacia-gil-vela\/"},"wordCount":603,"publisher":{"@id":"https:\/\/samanthaestilistas.es\/es\/#organization"},"image":{"@id":"http:\/\/samanthaestilistas.es\/es\/preguntas-frecuentes-sobre-la-compra-de-vilitra-en-linea-en-farmacia-gil-vela\/#primaryimage"},"thumbnailUrl":"https:\/\/imagizer.imageshack.com\/img924\/8131\/fzlVrM.jpg","articleSection":["Sin categor\u00eda"],"inLanguage":"ca"},{"@type":"WebPage","@id":"http:\/\/samanthaestilistas.es\/es\/preguntas-frecuentes-sobre-la-compra-de-vilitra-en-linea-en-farmacia-gil-vela\/","url":"http:\/\/samanthaestilistas.es\/es\/preguntas-frecuentes-sobre-la-compra-de-vilitra-en-linea-en-farmacia-gil-vela\/","name":"Preguntas frecuentes sobre la compra de Vilitra en l\u00ednea en Farmacia Gil Vela - Samantha - Perruquers &amp; Barbers","isPartOf":{"@id":"https:\/\/samanthaestilistas.es\/es\/#website"},"primaryImageOfPage":{"@id":"http:\/\/samanthaestilistas.es\/es\/preguntas-frecuentes-sobre-la-compra-de-vilitra-en-linea-en-farmacia-gil-vela\/#primaryimage"},"image":{"@id":"http:\/\/samanthaestilistas.es\/es\/preguntas-frecuentes-sobre-la-compra-de-vilitra-en-linea-en-farmacia-gil-vela\/#primaryimage"},"thumbnailUrl":"https:\/\/imagizer.imageshack.com\/img924\/8131\/fzlVrM.jpg","datePublished":"2025-02-27T19:02:26+00:00","breadcrumb":{"@id":"http:\/\/samanthaestilistas.es\/es\/preguntas-frecuentes-sobre-la-compra-de-vilitra-en-linea-en-farmacia-gil-vela\/#breadcrumb"},"inLanguage":"ca","potentialAction":[{"@type":"ReadAction","target":["http:\/\/samanthaestilistas.es\/es\/preguntas-frecuentes-sobre-la-compra-de-vilitra-en-linea-en-farmacia-gil-vela\/"]}]},{"@type":"ImageObject","inLanguage":"ca","@id":"http:\/\/samanthaestilistas.es\/es\/preguntas-frecuentes-sobre-la-compra-de-vilitra-en-linea-en-farmacia-gil-vela\/#primaryimage","url":"https:\/\/imagizer.imageshack.com\/img924\/8131\/fzlVrM.jpg","contentUrl":"https:\/\/imagizer.imageshack.com\/img924\/8131\/fzlVrM.jpg"},{"@type":"BreadcrumbList","@id":"http:\/\/samanthaestilistas.es\/es\/preguntas-frecuentes-sobre-la-compra-de-vilitra-en-linea-en-farmacia-gil-vela\/#breadcrumb","itemListElement":[{"@type":"ListItem","position":1,"name":"Portada","item":"https:\/\/samanthaestilistas.es\/"},{"@type":"ListItem","position":2,"name":"Preguntas frecuentes sobre la compra de Vilitra en l\u00ednea en Farmacia Gil Vela"}]},{"@type":"WebSite","@id":"https:\/\/samanthaestilistas.es\/es\/#website","url":"https:\/\/samanthaestilistas.es\/es\/","name":"Samantha - Perruquers &amp; Barbers","description":"Peluquer\u00eda y Barber Shop de Sabadell","publisher":{"@id":"https:\/\/samanthaestilistas.es\/es\/#organization"},"potentialAction":[{"@type":"SearchAction","target":{"@type":"EntryPoint","urlTemplate":"https:\/\/samanthaestilistas.es\/es\/?s={search_term_string}"},"query-input":{"@type":"PropertyValueSpecification","valueRequired":true,"valueName":"search_term_string"}}],"inLanguage":"ca"},{"@type":"Organization","@id":"https:\/\/samanthaestilistas.es\/es\/#organization","name":"Samantha - Perruquers & Barbers","url":"https:\/\/samanthaestilistas.es\/es\/","logo":{"@type":"ImageObject","inLanguage":"ca","@id":"https:\/\/samanthaestilistas.es\/es\/#\/schema\/logo\/image\/","url":"https:\/\/samanthaestilistas.es\/wp-content\/uploads\/2021\/09\/WhatsApp-Image-2020-03-08-at-20.51.37.jpeg","contentUrl":"https:\/\/samanthaestilistas.es\/wp-content\/uploads\/2021\/09\/WhatsApp-Image-2020-03-08-at-20.51.37.jpeg","width":1000,"height":1000,"caption":"Samantha - Perruquers & Barbers"},"image":{"@id":"https:\/\/samanthaestilistas.es\/es\/#\/schema\/logo\/image\/"}},{"@type":"Person","@id":"https:\/\/samanthaestilistas.es\/es\/#\/schema\/person\/0a6a636c7e1cc6dcc5960334831478a1","name":"Imagenativo Imagenativo","sameAs":["https:\/\/imagenativo.es"],"url":"https:\/\/samanthaestilistas.es\/ca\/author\/imagenativo\/"}]}},"_links":{"self":[{"href":"https:\/\/samanthaestilistas.es\/ca\/wp-json\/wp\/v2\/posts\/348","targetHints":{"allow":["GET"]}}],"collection":[{"href":"https:\/\/samanthaestilistas.es\/ca\/wp-json\/wp\/v2\/posts"}],"about":[{"href":"https:\/\/samanthaestilistas.es\/ca\/wp-json\/wp\/v2\/types\/post"}],"author":[{"embeddable":true,"href":"https:\/\/samanthaestilistas.es\/ca\/wp-json\/wp\/v2\/users\/4"}],"replies":[{"embeddable":true,"href":"https:\/\/samanthaestilistas.es\/ca\/wp-json\/wp\/v2\/comments?post=348"}],"version-history":[{"count":1,"href":"https:\/\/samanthaestilistas.es\/ca\/wp-json\/wp\/v2\/posts\/348\/revisions"}],"predecessor-version":[{"id":349,"href":"https:\/\/samanthaestilistas.es\/ca\/wp-json\/wp\/v2\/posts\/348\/revisions\/349"}],"wp:attachment":[{"href":"https:\/\/samanthaestilistas.es\/ca\/wp-json\/wp\/v2\/media?parent=348"}],"wp:term":[{"taxonomy":"category","embeddable":true,"href":"https:\/\/samanthaestilistas.es\/ca\/wp-json\/wp\/v2\/categories?post=348"},{"taxonomy":"post_tag","embeddable":true,"href":"https:\/\/samanthaestilistas.es\/ca\/wp-json\/wp\/v2\/tags?post=348"}],"curies":[{"name":"wp","href":"https:\/\/api.w.org\/{rel}","templated":true}]}}